{"id":2595,"date":"2018-09-22T22:19:36","date_gmt":"2018-09-22T20:19:36","guid":{"rendered":"http:\/\/www.dubuisson-export.fr\/?p=2595"},"modified":"2018-11-02T20:30:13","modified_gmt":"2018-11-02T19:30:13","slug":"mentions-legales","status":"publish","type":"post","link":"https:\/\/www.dubuisson-export.fr\/?p=2595","title":{"rendered":"Mentions l\u00e9gales"},"content":{"rendered":"<h2 style=\"text-align: left;\"><strong>Dubuisson-Export &#8211; Droit d\u2019auteur &#8211; Copyright<\/strong><\/h2>\n<p style=\"text-align: left;\">L\u2019ensemble de ce site rel\u00e8ve de la l\u00e9gislation fran\u00e7aise et internationale sur le droit d\u2019auteur et la propri\u00e9t\u00e9<br \/>\nintellectuelle.<\/p>\n<p><strong>DROIT DE PROPRIETE INTELLECTUELLE<br \/>\n<\/strong>La pr\u00e9sentation et le contenu du pr\u00e9sent site constituent, ensemble, une \u0153uvre prot\u00e9g\u00e9e par les lois en vigueur sur la propri\u00e9t\u00e9 intellectuelle, dont <a href=\"https:\/\/www.dubuisson-export.fr\/\">Dubuisson-Export<\/a> est titulaire. L\u2019usage ou la reproduction, m\u00eame partielle, des textes, photos ou graphismes qu\u2019il contient sont interdits sans l\u2019accord pr\u00e9alable et \u00e9crit de <a href=\"https:\/\/www.dubuisson-export.fr\/\">Dubuisson-Export<\/a>, et seraient susceptibles d\u2019en constituer la contrefa\u00e7on. De m\u00eame, toute reproduction, repr\u00e9sentation,\u00a0adaptation, traduction, et ou modification, partielle ou int\u00e9grale, ou transfert vers un autre site sont interdits.<br \/>\nConform\u00e9ment \u00e0 l\u2019article L.122-4 du Code de la Propri\u00e9t\u00e9 Intellectuelle, \u00ab\u00a0toute repr\u00e9sentation ou reproduction int\u00e9grale ou partielle faite sans le consentement de l\u2019auteur ou de ses ayants-droit ou ayants-cause est illicite. Il en est de m\u00eame pour la traduction, l\u2019adaptation ou la transformation, l\u2019arrangement ou la reproduction par un art ou un proc\u00e9d\u00e9 quelconque\u00a0\u00bb. <a href=\"https:\/\/www.dubuisson-export.fr\/\">Dubuisson-Export<\/a> rappelle que les \u00e9l\u00e9ments figurant sur ce site peuvent \u00eatre consult\u00e9s librement \u00e0 des fins priv\u00e9es, ou d\u2019information, ou p\u00e9dagogiques. Toutes autres formes d\u2019exploitation de ceux-ci constitueraient des actes de contrefa\u00e7on des droits de leurs auteurs, pr\u00e9vus et r\u00e9prim\u00e9s par les articles L.335-4 et suivants du Code de la Propri\u00e9t\u00e9 Intellectuelle. Conform\u00e9ment \u00e0 l\u2019article L.342-1 du Code de la Propri\u00e9t\u00e9 Intellectuelle, <a href=\"https:\/\/www.dubuisson-export.fr\/\">Dubuisson-Export<\/a> interdit l\u2019extraction par transfert permanent ou temporaire sur tous supports, par tous moyens, et sous quelque forme que ce soit de la totalit\u00e9 ou d\u2019une partie substantielle du contenu de ce site, sauf si ces op\u00e9rations sont effectu\u00e9es \u00e0 des fins purement priv\u00e9es, ou d\u2019information, ou p\u00e9dagogiques. Il interdit aussi la r\u00e9utilisation, par la mise \u00e0 disposition du public quelle qu\u2019en soit la forme, de la totalit\u00e9 ou d\u2019une partie seulement du contenu de ce site ou de chacun des \u00e9l\u00e9ments le constituant.<\/p>\n<p><strong>Liens hypertextes<\/strong><br \/>\nLes liens hypertextes externes mis en place dans le cadre du pr\u00e9sent site et les contenus des sites de tiers vers lesquels ils pointent ne sauraient engager la responsabilit\u00e9 de <a href=\"https:\/\/www.dubuisson-export.fr\/\">Dubuisson-Export<\/a>.<\/p>\n<p><strong>SANS GARANTIE<\/strong><br \/>\nLe site web, les informations et fonctionnalit\u00e9s propos\u00e9es correspondent aux r\u00e8gles l\u00e9gales en vigueur. Cependant, son utilisation se fait sous votre propre responsabilit\u00e9. <a href=\"https:\/\/www.dubuisson-export.fr\/\">Dubuisson-Export<\/a> et ses affili\u00e9s et partenaires ne garantissent en aucun cas l\u2019exactitude, la valeur commerciale, la qualit\u00e9 ou la non contrefa\u00e7on d\u2019une information publi\u00e9e sur le site web ou disponible gr\u00e2ce \u00e0 ce site. De plus, <a href=\"https:\/\/www.dubuisson-export.fr\/\">Dubuisson-Export<\/a>, ses affili\u00e9s et ses partenaires, ne peuvent apporter la garantie que le serveur qui rend le site web accessible soit prot\u00e9g\u00e9 de tout virus susceptible de causer des dommages, d\u2019infecter ou de d\u00e9truire votre installation informatique ou toute autre installation d\u00e8s lors que vous acc\u00e9dez \u00e0 ce site web, que vous t\u00e9l\u00e9chargez un document, ou faites appel \u00e0 quelque autre fonctionnalit\u00e9 du site. Conform\u00e9ment \u00e0 la loi, <a href=\"https:\/\/www.dubuisson-export.fr\/\">Dubuisson-Export<\/a>, ses affili\u00e9s et ses partenaires ne pourront, en aucune fa\u00e7on, \u00eatre tenues pour responsables des dommages directs ou indirects, accidentels ou non, cons\u00e9cutifs \u00e0 l\u2019utilisation, bonne ou mauvaise, du site web. Pareillement, <a href=\"https:\/\/www.dubuisson-export.fr\/\">Dubuisson-Export<\/a>, ses affili\u00e9s et ses partenaires ne pourront en aucune fa\u00e7on, \u00eatre tenues responsables des dommages directs ou indirects caus\u00e9s par des erreurs ou omissions constat\u00e9es sur ce site web, dans les informations communiqu\u00e9es parmi les fonctionnalit\u00e9s propos\u00e9es. <a href=\"https:\/\/www.dubuisson-export.fr\/\">Dubuisson-Export<\/a>, ses affili\u00e9s et ses partenaires se r\u00e9servent le droit de modifier, ajouter, supprimer les termes et conditions d\u2019utilisation \u00e0 tout moment sans pr\u00e9avis. Ces changements s\u2019appliqueront d\u00e8s leur publication sur le site. La consultation du site une fois ces changements effectu\u00e9s implique automatiquement leur acceptation. <a href=\"https:\/\/www.dubuisson-export.fr\/\">Dubuisson-Export<\/a> se r\u00e9serve \u00e9galement le droit de modifier, ajouter ou supprimer tout ou partie du contenu ou des fonctionnalit\u00e9s du site \u00e0 tout moment sans avertissement pr\u00e9alable et sans que la responsabilit\u00e9 de <a href=\"https:\/\/www.dubuisson-export.fr\/\">Dubuisson-Export<\/a>, ses affili\u00e9s et ses partenaires soit mise en causes sans \u00eatre tenu responsable par le visiteur du site.<\/p>\n<p><strong>Droit de r\u00e9ponse<\/strong><br \/>\nConform\u00e9ment \u00e0 la loi \u00ab\u00a0informatique et libert\u00e9s\u00a0\u00bb du 6 janvier 1978 modifi\u00e9e en 2004, vous b\u00e9n\u00e9ficiez d\u2019un droit d\u2019acc\u00e8s et de rectification aux informations qui vous concernent, que vous pouvez exercer en nous adressant demande par courrier. Vous pouvez \u00e9galement, pour des motifs l\u00e9gitimes, vous opposer au traitement des donn\u00e9es vous concernant.<\/p>\n<p><strong>Politique de confidentialit\u00e9<\/strong><br \/>\nLes informations \u00e9ventuellement recueillies aupr\u00e8s de vous de par votre utilisation du site web sont strictement destin\u00e9es \u00e0 <a href=\"https:\/\/www.dubuisson-export.fr\/\">Dubuisson-Export<\/a> dans le but de constituer une liste des personnes int\u00e9ress\u00e9es par ses activit\u00e9s, et plus particuli\u00e8rement par celles du pr\u00e9sent site, et ne seront pas transmises \u00e0 des tiers. Aucune information personnelle n\u2019est collect\u00e9e \u00e0 votre insu. Aucune information personnelle n\u2019est c\u00e9d\u00e9e \u00e0 des tiers, \u00e0 titre gratuit ou\u00a0on\u00e9reux. Aucune information personnelle n\u2019est utilis\u00e9e \u00e0 d\u2019autres fins que celles indiqu\u00e9es ici. Vous disposez d\u2019un droit d\u2019acc\u00e8s, de modification et de suppression de donn\u00e9es qui vous concernent (article 34 de la loi \u00ab\u00a0Informatique et Libert\u00e9\u00a0\u00bb).<\/p>\n<p><strong>Cr\u00e9dits<\/strong><\/p>\n<table style=\"margin-left: auto; margin-right: auto; width: 763px; height: 160px;\" border=\"0\" align=\"center\">\n<tbody>\n<tr class=\"info\" style=\"height: 22px;\">\n<td style=\"text-align: right; height: 22px;\">Directrice de la publication |<\/td>\n<td style=\"text-align: left; height: 22px;\">Christine Dubuisson<\/td>\n<\/tr>\n<tr class=\"info\" style=\"height: 22px;\">\n<td style=\"text-align: right; height: 22px;\">Entreprise |<\/td>\n<td style=\"text-align: left; height: 22px;\"><a href=\"https:\/\/www.dubuisson-export.fr\/\" target=\"_blank\" rel=\"noopener\">Dubuisson Export<\/a><\/td>\n<\/tr>\n<tr class=\"info\" style=\"height: 22px;\">\n<td style=\"text-align: right; height: 22px;\">Siret |<\/td>\n<td style=\"text-align: left; height: 22px;\">353 316 094 00039<\/td>\n<\/tr>\n<tr class=\"info\" style=\"height: 22px;\">\n<td style=\"text-align: right; height: 22px;\">TVA intracommunautaire |<\/td>\n<td style=\"text-align: left; height: 22px;\">FR00353316094<\/td>\n<\/tr>\n<tr class=\"info\" style=\"height: 22px;\">\n<td style=\"text-align: right; height: 22px;\">Si\u00e8ge social |<\/td>\n<td style=\"text-align: left; height: 22px;\">32 bis rue des Lyonnais 75005 PARIS &#8211; FRANCE<\/td>\n<\/tr>\n<tr class=\"info\" style=\"height: 22px;\">\n<td style=\"text-align: right; height: 22px;\">D\u00e9claration \u00e0 la <a href=\"https:\/\/www.cnil.fr\/professionnel\" target=\"_blank\" rel=\"noopener\">CNIL<\/a> |<\/td>\n<td style=\"text-align: left; height: 22px;\">Num\u00e9ro 1578344 le 04 Avril 2012<\/td>\n<\/tr>\n<tr class=\"info\" style=\"height: 22.4px;\">\n<td style=\"text-align: right; height: 22.4px;\">Cr\u00e9dit photos |<\/td>\n<td style=\"text-align: left; height: 22.4px;\">Gerd Altmann , Adrian, Oliver Menyhart, Rudy and Peter Skitterians,<\/td>\n<\/tr>\n<tr class=\"info\" style=\"height: 22px;\">\n<td style=\"text-align: right; height: 22px;\">|<\/td>\n<td style=\"text-align: left; height: 22px;\">Ylanite Koppens, kai kalhh, Sabine Van<\/td>\n<\/tr>\n<tr class=\"info\" style=\"height: 22px;\">\n<td style=\"text-align: right; height: 22px;\">Propuls\u00e9 par |<\/td>\n<td style=\"text-align: left; height: 22px;\">\u00a0<a href=\"https:\/\/wordpress.org\/\" target=\"_blank\" rel=\"noopener\">WordPress<\/a><\/td>\n<\/tr>\n<tr class=\"info\" style=\"height: 22px;\">\n<td style=\"text-align: right; height: 22px;\">Serveur d&rsquo;h\u00e9bergement |<\/td>\n<td style=\"text-align: left; height: 22px;\"><a title=\"OVH\" href=\"https:\/\/www.ovh.com\/fr\" target=\"_blank\" rel=\"noopener noreferrer\">OVH<\/a><\/td>\n<\/tr>\n<tr class=\"info\" style=\"height: 22px;\">\n<td style=\"text-align: right; height: 22px;\">Une r\u00e9alisation de |<\/td>\n<td style=\"text-align: left; height: 22px;\"><a title=\"XO Digital\" href=\"http:\/\/www.xo-digital.com\/\" target=\"_blank\" rel=\"noopener noreferrer\"> [XO Digital]<\/a><\/td>\n<\/tr>\n<\/tbody>\n<\/table>\n<p>&nbsp;<\/p>\n","protected":false},"excerpt":{"rendered":"<p>Dubuisson-Export &#8211; Droit d\u2019auteur &#8211; Copyright L\u2019ensemble de ce site rel\u00e8ve de la l\u00e9gislation fran\u00e7aise et internationale sur le droit d\u2019auteur et la propri\u00e9t\u00e9 intellectuelle. DROIT DE PROPRIETE INTELLECTUELLE La pr\u00e9sentation et le contenu du pr\u00e9sent site constituent, ensemble, une \u0153uvre prot\u00e9g\u00e9e par les lois en vigueur sur la propri\u00e9t\u00e9 intellectuelle, dont Dubuisson-Export est titulaire. [&hellip;]<\/p>\n","protected":false},"author":1,"featured_media":0,"comment_status":"closed","ping_status":"open","sticky":false,"template":"","format":"standard","meta":{"footnotes":""},"categories":[1],"tags":[],"class_list":["post-2595","post","type-post","status-publish","format-standard","hentry","category-non-classe"],"yoast_head":"<!-- This site is optimized with the Yoast SEO plugin v19.0 - https:\/\/yoast.com\/wordpress\/plugins\/seo\/ -->\n<title>Mentions l\u00e9gales - Dubuisson Export<\/title>\n<meta name=\"robots\" content=\"index, follow, max-snippet:-1, max-image-preview:large, max-video-preview:-1\" \/>\n<link rel=\"canonical\" href=\"https:\/\/www.dubuisson-export.fr\/?p=2595\" \/>\n<meta property=\"og:locale\" content=\"fr_FR\" \/>\n<meta property=\"og:type\" content=\"article\" \/>\n<meta property=\"og:title\" content=\"Mentions l\u00e9gales - Dubuisson Export\" \/>\n<meta property=\"og:description\" content=\"Dubuisson-Export &#8211; Droit d\u2019auteur &#8211; Copyright L\u2019ensemble de ce site rel\u00e8ve de la l\u00e9gislation fran\u00e7aise et internationale sur le droit d\u2019auteur et la propri\u00e9t\u00e9 intellectuelle. DROIT DE PROPRIETE INTELLECTUELLE La pr\u00e9sentation et le contenu du pr\u00e9sent site constituent, ensemble, une \u0153uvre prot\u00e9g\u00e9e par les lois en vigueur sur la propri\u00e9t\u00e9 intellectuelle, dont Dubuisson-Export est titulaire. [&hellip;]\" \/>\n<meta property=\"og:url\" content=\"https:\/\/www.dubuisson-export.fr\/?p=2595\" \/>\n<meta property=\"og:site_name\" content=\"Dubuisson Export\" \/>\n<meta property=\"article:publisher\" content=\"https:\/\/www.facebook.com\/christinedubuisson.export\" \/>\n<meta property=\"article:published_time\" content=\"2018-09-22T20:19:36+00:00\" \/>\n<meta property=\"article:modified_time\" content=\"2018-11-02T19:30:13+00:00\" \/>\n<meta name=\"twitter:card\" content=\"summary_large_image\" \/>\n<meta name=\"twitter:label1\" content=\"\u00c9crit par\" \/>\n\t<meta name=\"twitter:data1\" content=\"admin\" \/>\n\t<meta name=\"twitter:label2\" content=\"Dur\u00e9e de lecture estim\u00e9e\" \/>\n\t<meta name=\"twitter:data2\" content=\"5 minutes\" \/>\n<script type=\"application\/ld+json\" class=\"yoast-schema-graph\">{\"@context\":\"https:\/\/schema.org\",\"@graph\":[{\"@type\":\"WebSite\",\"@id\":\"https:\/\/www.dubuisson-export.fr\/#website\",\"url\":\"https:\/\/www.dubuisson-export.fr\/\",\"name\":\"Dubuisson Export\",\"description\":\"La valorisation du Made In France\",\"potentialAction\":[{\"@type\":\"SearchAction\",\"target\":{\"@type\":\"EntryPoint\",\"urlTemplate\":\"https:\/\/www.dubuisson-export.fr\/?s={search_term_string}\"},\"query-input\":\"required name=search_term_string\"}],\"inLanguage\":\"fr-FR\"},{\"@type\":\"WebPage\",\"@id\":\"https:\/\/www.dubuisson-export.fr\/?p=2595#webpage\",\"url\":\"https:\/\/www.dubuisson-export.fr\/?p=2595\",\"name\":\"Mentions l\u00e9gales - Dubuisson Export\",\"isPartOf\":{\"@id\":\"https:\/\/www.dubuisson-export.fr\/#website\"},\"datePublished\":\"2018-09-22T20:19:36+00:00\",\"dateModified\":\"2018-11-02T19:30:13+00:00\",\"author\":{\"@id\":\"https:\/\/www.dubuisson-export.fr\/#\/schema\/person\/33006720b40d50ea7c703011999a277f\"},\"breadcrumb\":{\"@id\":\"https:\/\/www.dubuisson-export.fr\/?p=2595#breadcrumb\"},\"inLanguage\":\"fr-FR\",\"potentialAction\":[{\"@type\":\"ReadAction\",\"target\":[\"https:\/\/www.dubuisson-export.fr\/?p=2595\"]}]},{\"@type\":\"BreadcrumbList\",\"@id\":\"https:\/\/www.dubuisson-export.fr\/?p=2595#breadcrumb\",\"itemListElement\":[{\"@type\":\"ListItem\",\"position\":1,\"name\":\"Accueil\",\"item\":\"https:\/\/www.dubuisson-export.fr\/\"},{\"@type\":\"ListItem\",\"position\":2,\"name\":\"Mentions l\u00e9gales\"}]},{\"@type\":\"Person\",\"@id\":\"https:\/\/www.dubuisson-export.fr\/#\/schema\/person\/33006720b40d50ea7c703011999a277f\",\"name\":\"admin\",\"image\":{\"@type\":\"ImageObject\",\"inLanguage\":\"fr-FR\",\"@id\":\"https:\/\/www.dubuisson-export.fr\/#\/schema\/person\/image\/\",\"url\":\"https:\/\/secure.gravatar.com\/avatar\/24c6da36340abd3966343c8ec0f411e4927ed32269b48cecbcd5ad1ca5411a99?s=96&d=mm&r=g\",\"contentUrl\":\"https:\/\/secure.gravatar.com\/avatar\/24c6da36340abd3966343c8ec0f411e4927ed32269b48cecbcd5ad1ca5411a99?s=96&d=mm&r=g\",\"caption\":\"admin\"},\"url\":\"https:\/\/www.dubuisson-export.fr\/?author=1\"}]}<\/script>\n<!-- \/ Yoast SEO plugin. -->","yoast_head_json":{"title":"Mentions l\u00e9gales - Dubuisson Export","robots":{"index":"index","follow":"follow","max-snippet":"max-snippet:-1","max-image-preview":"max-image-preview:large","max-video-preview":"max-video-preview:-1"},"canonical":"https:\/\/www.dubuisson-export.fr\/?p=2595","og_locale":"fr_FR","og_type":"article","og_title":"Mentions l\u00e9gales - Dubuisson Export","og_description":"Dubuisson-Export &#8211; Droit d\u2019auteur &#8211; Copyright L\u2019ensemble de ce site rel\u00e8ve de la l\u00e9gislation fran\u00e7aise et internationale sur le droit d\u2019auteur et la propri\u00e9t\u00e9 intellectuelle. DROIT DE PROPRIETE INTELLECTUELLE La pr\u00e9sentation et le contenu du pr\u00e9sent site constituent, ensemble, une \u0153uvre prot\u00e9g\u00e9e par les lois en vigueur sur la propri\u00e9t\u00e9 intellectuelle, dont Dubuisson-Export est titulaire. [&hellip;]","og_url":"https:\/\/www.dubuisson-export.fr\/?p=2595","og_site_name":"Dubuisson Export","article_publisher":"https:\/\/www.facebook.com\/christinedubuisson.export","article_published_time":"2018-09-22T20:19:36+00:00","article_modified_time":"2018-11-02T19:30:13+00:00","twitter_card":"summary_large_image","twitter_misc":{"\u00c9crit par":"admin","Dur\u00e9e de lecture estim\u00e9e":"5 minutes"},"schema":{"@context":"https:\/\/schema.org","@graph":[{"@type":"WebSite","@id":"https:\/\/www.dubuisson-export.fr\/#website","url":"https:\/\/www.dubuisson-export.fr\/","name":"Dubuisson Export","description":"La valorisation du Made In France","potentialAction":[{"@type":"SearchAction","target":{"@type":"EntryPoint","urlTemplate":"https:\/\/www.dubuisson-export.fr\/?s={search_term_string}"},"query-input":"required name=search_term_string"}],"inLanguage":"fr-FR"},{"@type":"WebPage","@id":"https:\/\/www.dubuisson-export.fr\/?p=2595#webpage","url":"https:\/\/www.dubuisson-export.fr\/?p=2595","name":"Mentions l\u00e9gales - Dubuisson Export","isPartOf":{"@id":"https:\/\/www.dubuisson-export.fr\/#website"},"datePublished":"2018-09-22T20:19:36+00:00","dateModified":"2018-11-02T19:30:13+00:00","author":{"@id":"https:\/\/www.dubuisson-export.fr\/#\/schema\/person\/33006720b40d50ea7c703011999a277f"},"breadcrumb":{"@id":"https:\/\/www.dubuisson-export.fr\/?p=2595#breadcrumb"},"inLanguage":"fr-FR","potentialAction":[{"@type":"ReadAction","target":["https:\/\/www.dubuisson-export.fr\/?p=2595"]}]},{"@type":"BreadcrumbList","@id":"https:\/\/www.dubuisson-export.fr\/?p=2595#breadcrumb","itemListElement":[{"@type":"ListItem","position":1,"name":"Accueil","item":"https:\/\/www.dubuisson-export.fr\/"},{"@type":"ListItem","position":2,"name":"Mentions l\u00e9gales"}]},{"@type":"Person","@id":"https:\/\/www.dubuisson-export.fr\/#\/schema\/person\/33006720b40d50ea7c703011999a277f","name":"admin","image":{"@type":"ImageObject","inLanguage":"fr-FR","@id":"https:\/\/www.dubuisson-export.fr\/#\/schema\/person\/image\/","url":"https:\/\/secure.gravatar.com\/avatar\/24c6da36340abd3966343c8ec0f411e4927ed32269b48cecbcd5ad1ca5411a99?s=96&d=mm&r=g","contentUrl":"https:\/\/secure.gravatar.com\/avatar\/24c6da36340abd3966343c8ec0f411e4927ed32269b48cecbcd5ad1ca5411a99?s=96&d=mm&r=g","caption":"admin"},"url":"https:\/\/www.dubuisson-export.fr\/?author=1"}]}},"_links":{"self":[{"href":"https:\/\/www.dubuisson-export.fr\/index.php?rest_route=\/wp\/v2\/posts\/2595","targetHints":{"allow":["GET"]}}],"collection":[{"href":"https:\/\/www.dubuisson-export.fr\/index.php?rest_route=\/wp\/v2\/posts"}],"about":[{"href":"https:\/\/www.dubuisson-export.fr\/index.php?rest_route=\/wp\/v2\/types\/post"}],"author":[{"embeddable":true,"href":"https:\/\/www.dubuisson-export.fr\/index.php?rest_route=\/wp\/v2\/users\/1"}],"replies":[{"embeddable":true,"href":"https:\/\/www.dubuisson-export.fr\/index.php?rest_route=%2Fwp%2Fv2%2Fcomments&post=2595"}],"version-history":[{"count":5,"href":"https:\/\/www.dubuisson-export.fr\/index.php?rest_route=\/wp\/v2\/posts\/2595\/revisions"}],"predecessor-version":[{"id":2984,"href":"https:\/\/www.dubuisson-export.fr\/index.php?rest_route=\/wp\/v2\/posts\/2595\/revisions\/2984"}],"wp:attachment":[{"href":"https:\/\/www.dubuisson-export.fr\/index.php?rest_route=%2Fwp%2Fv2%2Fmedia&parent=2595"}],"wp:term":[{"taxonomy":"category","embeddable":true,"href":"https:\/\/www.dubuisson-export.fr\/index.php?rest_route=%2Fwp%2Fv2%2Fcategories&post=2595"},{"taxonomy":"post_tag","embeddable":true,"href":"https:\/\/www.dubuisson-export.fr\/index.php?rest_route=%2Fwp%2Fv2%2Ftags&post=2595"}],"curies":[{"name":"wp","href":"https:\/\/api.w.org\/{rel}","templated":true}]}}