{"id":2676,"date":"2020-08-12T19:18:57","date_gmt":"2020-08-12T17:18:57","guid":{"rendered":"http:\/\/www.dubuisson-export.fr\/?p=2676"},"modified":"2022-08-02T16:14:27","modified_gmt":"2022-08-02T14:14:27","slug":"my-formation","status":"publish","type":"post","link":"https:\/\/www.dubuisson-export.fr\/?p=2676","title":{"rendered":"My Formation"},"content":{"rendered":"<h3 style=\"text-align: left;\">My Formation<\/h3>\n<p><img loading=\"lazy\" decoding=\"async\" class=\"alignleft wp-image-2941 size-thumbnail\" title=\"Dubuisson Export forme depuis pr\u00e8s de 30 ans des chefs d'entreprises \" src=\"https:\/\/www.dubuisson-export.fr\/wp-content\/uploads\/2018\/10\/MyFormation1-150x150.png\" alt=\"Dubuisson Export forme depuis pr\u00e8s de 30 ans des chefs d'entreprises \" width=\"150\" height=\"150\" srcset=\"https:\/\/www.dubuisson-export.fr\/wp-content\/uploads\/2018\/10\/MyFormation1-150x150.png 150w, https:\/\/www.dubuisson-export.fr\/wp-content\/uploads\/2018\/10\/MyFormation1.png 180w\" sizes=\"auto, (max-width: 150px) 100vw, 150px\" \/>Dubuisson Export forme depuis pr\u00e8s de 30 ans des chefs d&rsquo;entreprises et les collaborateurs des services administratifs, commerciaux ou export.<\/p>\n<p>En fonction des objectifs de nos clients, nous construisons des programmes sur-mesure dans des domaines aussi vari\u00e9s que l\u2019export, le marketing, la communication, la gestion\u2026 Nous nous appuyons sur des experts sectoriels, g\u00e9ographiques ou th\u00e9matiques dont l\u2019objectif est de partager leur \u00ab\u00a0savoir\u00a0\u00bb et r\u00e9pondre de fa\u00e7on concr\u00e8te aux questions des participants.<\/p>\n<p>Depuis Juillet 2017, notre organisme de formation est \u00ab\u00a0datadock\u00e9\u00a0\u00bb et certifi\u00e9 ICPF &amp; PSI. Depuis 2020, nous sommes certifi\u00e9 Qualiopi.<br \/>\n<img loading=\"lazy\" decoding=\"async\" class=\"alignnone wp-image-3171 \" title=\"Dubuisson Export \u2502ICPF &amp; PSI Certification Expert CNEFOP Formateur\" src=\"https:\/\/www.dubuisson-export.fr\/wp-content\/uploads\/2020\/08\/Logo-ICPF-PSI-Expert-CNEFOP-Formateur-300x108.png\" alt=\"Certification ICPF PSI Expert CNEFOP Formateur\" width=\"152\" height=\"55\" srcset=\"https:\/\/www.dubuisson-export.fr\/wp-content\/uploads\/2020\/08\/Logo-ICPF-PSI-Expert-CNEFOP-Formateur-300x108.png 300w, https:\/\/www.dubuisson-export.fr\/wp-content\/uploads\/2020\/08\/Logo-ICPF-PSI-Expert-CNEFOP-Formateur-1024x370.png 1024w, https:\/\/www.dubuisson-export.fr\/wp-content\/uploads\/2020\/08\/Logo-ICPF-PSI-Expert-CNEFOP-Formateur-768x278.png 768w, https:\/\/www.dubuisson-export.fr\/wp-content\/uploads\/2020\/08\/Logo-ICPF-PSI-Expert-CNEFOP-Formateur-1536x555.png 1536w, https:\/\/www.dubuisson-export.fr\/wp-content\/uploads\/2020\/08\/Logo-ICPF-PSI-Expert-CNEFOP-Formateur-2048x740.png 2048w, https:\/\/www.dubuisson-export.fr\/wp-content\/uploads\/2020\/08\/Logo-ICPF-PSI-Expert-CNEFOP-Formateur-590x215.png 590w\" sizes=\"auto, (max-width: 152px) 100vw, 152px\" \/><img loading=\"lazy\" decoding=\"async\" class=\"alignnone wp-image-2945\" title=\"certification Datadock\" src=\"https:\/\/www.dubuisson-export.fr\/wp-content\/uploads\/2018\/10\/certificationDatadock.png\" alt=\"certification Datadock\" width=\"130\" height=\"89\" \/><img loading=\"lazy\" decoding=\"async\" class=\"alignnone wp-image-3095\" src=\"https:\/\/www.dubuisson-export.fr\/wp-content\/uploads\/2020\/08\/Logo-Qualiopi-72dpi-Web-56-300x96.png\" alt=\"\" width=\"212\" height=\"68\" srcset=\"https:\/\/www.dubuisson-export.fr\/wp-content\/uploads\/2020\/08\/Logo-Qualiopi-72dpi-Web-56-300x96.png 300w, https:\/\/www.dubuisson-export.fr\/wp-content\/uploads\/2020\/08\/Logo-Qualiopi-72dpi-Web-56.png 398w\" sizes=\"auto, (max-width: 212px) 100vw, 212px\" \/><img loading=\"lazy\" decoding=\"async\" class=\"alignnone size-full wp-image-3096\" src=\"https:\/\/www.dubuisson-export.fr\/wp-content\/uploads\/2020\/08\/qUALIOPI.png\" alt=\"\" width=\"209\" height=\"60\" \/><\/p>\n<p><span style=\"color: #ff0000;\"><strong>La certification Qualiopi de Dubuisson-Export est suspendue jusqu&rsquo;au 02\/11\/2022.<\/strong><\/span><\/p>\n<p>Nos clients : Ateliers d\u2019Art de France, Ateliers de Paris, Mission R\u00e9gionale des M\u00e9tiers d\u2019Art de Poitou-Charentes, CNAMS Reims, CMAR Paca, CCI International Grand Est CCI International Franche Comt\u00e9.<\/p>\n<p>&nbsp;<\/p>\n<p><img loading=\"lazy\" decoding=\"async\" class=\"wp-image-3055 size-thumbnail alignleft\" title=\"Dubuisson Export \u2502 Acad\u00e9mie des m\u00e9tiers d\u2019art\" src=\"https:\/\/www.dubuisson-export.fr\/wp-content\/uploads\/2020\/01\/LOGO_AMEADE-rond-noir-et-blanc-150x150.png\" alt=\"Acad\u00e9mie des m\u00e9tiers d'art\" width=\"150\" height=\"150\" \/><\/p>\n<p>Les professionnels des m\u00e9tiers d\u2019art, des m\u00e9tiers de la cr\u00e9ation et du design sont form\u00e9s aux savoir-faire, au geste. Ils le sont moins \u00e0 la gestion d\u2019entreprise et \u00e0 la d\u00e9marche commerciale, or ils doivent mener de front la cr\u00e9ation, la production, la vente, la gestion\u2026. Ils manquent de ressources, de comp\u00e9tences, d\u2019informations et de conseils sur ces domaines transversaux.<\/p>\n<p>La formation et\u00a0 l\u2019accompagnement sont essentiels au d\u00e9veloppement des entreprises du secteur de la cr\u00e9ation. On note d\u2019ailleurs que les entreprises ayant suivi des formations collectives progressent plus vite que les autres, et celles ayant b\u00e9n\u00e9fici\u00e9 d\u2019un suivi individuel ont un taux de r\u00e9ussite et une vitesse de d\u00e9veloppement encore plus rapide.<\/p>\n<p>Face \u00e0 ce constat, nous voulons vous offrir toutes les chances de r\u00e9ussir, progresser, p\u00e9renniser votre activit\u00e9. C\u2019est pourquoi, nous avons cr\u00e9\u00e9 AMEADE, L\u2019Acad\u00e9mie des m\u00e9tiers d\u2019art, de la cr\u00e9ation et du design. Nous vous proposons une large palette de formations innovantes ax\u00e9es sur la pratique, 100 % orient\u00e9es vers les m\u00e9tiers de la cr\u00e9ation et anim\u00e9es par des experts sp\u00e9cialistes du secteur.<\/p>\n<p>AMEADE est n\u00e9e d\u2019une association entre deux passionn\u00e9es des m\u00e9tiers d\u2019art. Christine Dubuisson et Christel Valenza. Notre connaissance du secteur et notre exp\u00e9rience de la p\u00e9dagogie, nous les mettons \u00e0 votre disposition pour vous accompagner dans votre d\u00e9veloppement.<\/p>\n<p>Les formations ont lieu en 2020 \u00e0 Limoges, Lyon et Paris et dans toute autre ville \u00e0 partir de groupes de 8 stagiaires. Elles sont finan\u00e7ables pour les affili\u00e9s ou assujettis \u00e0 la Maison des Artistes et pour les ressortissants de Chambres de M\u00e9tiers.<\/p>\n<p><img loading=\"lazy\" decoding=\"async\" class=\"wp-image-3085 aligncenter\" src=\"https:\/\/www.dubuisson-export.fr\/wp-content\/uploads\/2020\/03\/Indicateurs-de-r\u00e9sultats-300x119.png\" alt=\"\" width=\"591\" height=\"235\" srcset=\"https:\/\/www.dubuisson-export.fr\/wp-content\/uploads\/2020\/03\/Indicateurs-de-r\u00e9sultats-300x119.png 300w, https:\/\/www.dubuisson-export.fr\/wp-content\/uploads\/2020\/03\/Indicateurs-de-r\u00e9sultats-1024x406.png 1024w, https:\/\/www.dubuisson-export.fr\/wp-content\/uploads\/2020\/03\/Indicateurs-de-r\u00e9sultats-768x304.png 768w, https:\/\/www.dubuisson-export.fr\/wp-content\/uploads\/2020\/03\/Indicateurs-de-r\u00e9sultats-1536x608.png 1536w, https:\/\/www.dubuisson-export.fr\/wp-content\/uploads\/2020\/03\/Indicateurs-de-r\u00e9sultats-1550x618.png 1550w, https:\/\/www.dubuisson-export.fr\/wp-content\/uploads\/2020\/03\/Indicateurs-de-r\u00e9sultats.png 1560w\" sizes=\"auto, (max-width: 591px) 100vw, 591px\" \/><img loading=\"lazy\" decoding=\"async\" class=\"wp-image-3086 aligncenter\" src=\"https:\/\/www.dubuisson-export.fr\/wp-content\/uploads\/2020\/03\/Indicateurs-de-r\u00e9sultats_graphique-300x200.png\" alt=\"\" width=\"686\" height=\"458\" srcset=\"https:\/\/www.dubuisson-export.fr\/wp-content\/uploads\/2020\/03\/Indicateurs-de-r\u00e9sultats_graphique-300x200.png 300w, https:\/\/www.dubuisson-export.fr\/wp-content\/uploads\/2020\/03\/Indicateurs-de-r\u00e9sultats_graphique-1024x682.png 1024w, https:\/\/www.dubuisson-export.fr\/wp-content\/uploads\/2020\/03\/Indicateurs-de-r\u00e9sultats_graphique-768x512.png 768w, https:\/\/www.dubuisson-export.fr\/wp-content\/uploads\/2020\/03\/Indicateurs-de-r\u00e9sultats_graphique.png 1334w\" sizes=\"auto, (max-width: 686px) 100vw, 686px\" \/><\/p>\n<p>Pour toute information, veuillez remplir le formulaire via notre <a href=\"https:\/\/www.dubuisson-export.fr\/contact\/\">page Contact<\/a>.<\/p>\n<p>Pour visualiser le planning des prochaines formations :\u00a0<a href=\"https:\/\/ameade.org\/agenda-des-formations\/\">Prochaines formations<\/a><\/p>\n<p>Pour visualiser le catalogue des formations : <a href=\"https:\/\/ameade.org\/formation\/\" target=\"_blank\" rel=\"noopener noreferrer\">Catalogue 2022<\/a><\/p>\n<p>Pour s\u2019inscrire aux formations, compl\u00e9tez le bulletin d&rsquo;inscription \u00e0 partir de la page concern\u00e9e du catalogue.<\/p>\n<p>Le r\u00e8glement int\u00e9rieur peut \u00eatre consult\u00e9 ici :\u00a0<a href=\"https:\/\/www.dubuisson-export.fr\/wp-content\/uploads\/2020\/02\/R\u00e8glement-int\u00e9rieur.pdf\">R\u00e8glement int\u00e9rieur<\/a><\/p>\n<p>Nos formations ne sont pas accessibles aux personnes en situation de handicap, pour plus d&rsquo;information : <a href=\"https:\/\/www.dubuisson-export.fr\/wp-content\/uploads\/2020\/02\/Nos-formations-ne-sont-pas-accessibles-aux-personnes-en-situation-de-handicap.pdf\" target=\"_blank\" rel=\"noopener noreferrer\">Accessibilit\u00e9<\/a><\/p>\n<p>&nbsp;<\/p>\n","protected":false},"excerpt":{"rendered":"<p>My Formation Dubuisson Export forme depuis pr\u00e8s de 30 ans des chefs d&rsquo;entreprises et les collaborateurs des services administratifs, commerciaux ou export. En fonction des objectifs de nos clients, nous construisons des programmes sur-mesure dans des domaines aussi vari\u00e9s que l\u2019export, le marketing, la communication, la gestion\u2026 Nous nous appuyons sur des experts sectoriels, g\u00e9ographiques [&hellip;]<\/p>\n","protected":false},"author":1,"featured_media":0,"comment_status":"closed","ping_status":"open","sticky":false,"template":"","format":"standard","meta":{"footnotes":""},"categories":[57],"tags":[77,68,72],"class_list":["post-2676","post","type-post","status-publish","format-standard","hentry","category-formation","tag-datadock","tag-export","tag-formation"],"yoast_head":"<!-- This site is optimized with the Yoast SEO plugin v19.0 - https:\/\/yoast.com\/wordpress\/plugins\/seo\/ -->\n<title>My Formation - Dubuisson Export<\/title>\n<meta name=\"description\" content=\"Dubuisson-Export forme depuis pr\u00e8s de 30 ans des chefs d&#039;entreprises et les collaborateurs des services administratifs, commerciaux ou export.\" \/>\n<meta name=\"robots\" content=\"index, follow, max-snippet:-1, max-image-preview:large, max-video-preview:-1\" \/>\n<link rel=\"canonical\" href=\"https:\/\/www.dubuisson-export.fr\/?p=2676\" \/>\n<meta property=\"og:locale\" content=\"fr_FR\" \/>\n<meta property=\"og:type\" content=\"article\" \/>\n<meta property=\"og:title\" content=\"My Formation - Dubuisson Export\" \/>\n<meta property=\"og:description\" content=\"Dubuisson-Export forme depuis pr\u00e8s de 30 ans des chefs d&#039;entreprises et les collaborateurs des services administratifs, commerciaux ou export.\" \/>\n<meta property=\"og:url\" content=\"https:\/\/www.dubuisson-export.fr\/?p=2676\" \/>\n<meta property=\"og:site_name\" content=\"Dubuisson Export\" \/>\n<meta property=\"article:publisher\" content=\"https:\/\/www.facebook.com\/christinedubuisson.export\" \/>\n<meta property=\"article:published_time\" content=\"2020-08-12T17:18:57+00:00\" \/>\n<meta property=\"article:modified_time\" content=\"2022-08-02T14:14:27+00:00\" \/>\n<meta property=\"og:image\" content=\"http:\/\/www.dubuisson-export.fr\/wp-content\/uploads\/2018\/10\/MyFormation1-150x150.png\" \/>\n<meta name=\"twitter:card\" content=\"summary_large_image\" \/>\n<meta name=\"twitter:label1\" content=\"\u00c9crit par\" \/>\n\t<meta name=\"twitter:data1\" content=\"admin\" \/>\n\t<meta name=\"twitter:label2\" content=\"Dur\u00e9e de lecture estim\u00e9e\" \/>\n\t<meta name=\"twitter:data2\" content=\"4 minutes\" \/>\n<script type=\"application\/ld+json\" class=\"yoast-schema-graph\">{\"@context\":\"https:\/\/schema.org\",\"@graph\":[{\"@type\":\"WebSite\",\"@id\":\"https:\/\/www.dubuisson-export.fr\/#website\",\"url\":\"https:\/\/www.dubuisson-export.fr\/\",\"name\":\"Dubuisson Export\",\"description\":\"La valorisation du Made In France\",\"potentialAction\":[{\"@type\":\"SearchAction\",\"target\":{\"@type\":\"EntryPoint\",\"urlTemplate\":\"https:\/\/www.dubuisson-export.fr\/?s={search_term_string}\"},\"query-input\":\"required name=search_term_string\"}],\"inLanguage\":\"fr-FR\"},{\"@type\":\"ImageObject\",\"inLanguage\":\"fr-FR\",\"@id\":\"https:\/\/www.dubuisson-export.fr\/?p=2676#primaryimage\",\"url\":\"http:\/\/www.dubuisson-export.fr\/wp-content\/uploads\/2018\/10\/MyFormation1-150x150.png\",\"contentUrl\":\"http:\/\/www.dubuisson-export.fr\/wp-content\/uploads\/2018\/10\/MyFormation1-150x150.png\"},{\"@type\":\"WebPage\",\"@id\":\"https:\/\/www.dubuisson-export.fr\/?p=2676#webpage\",\"url\":\"https:\/\/www.dubuisson-export.fr\/?p=2676\",\"name\":\"My Formation - Dubuisson Export\",\"isPartOf\":{\"@id\":\"https:\/\/www.dubuisson-export.fr\/#website\"},\"primaryImageOfPage\":{\"@id\":\"https:\/\/www.dubuisson-export.fr\/?p=2676#primaryimage\"},\"datePublished\":\"2020-08-12T17:18:57+00:00\",\"dateModified\":\"2022-08-02T14:14:27+00:00\",\"author\":{\"@id\":\"https:\/\/www.dubuisson-export.fr\/#\/schema\/person\/33006720b40d50ea7c703011999a277f\"},\"description\":\"Dubuisson-Export forme depuis pr\u00e8s de 30 ans des chefs d'entreprises et les collaborateurs des services administratifs, commerciaux ou export.\",\"breadcrumb\":{\"@id\":\"https:\/\/www.dubuisson-export.fr\/?p=2676#breadcrumb\"},\"inLanguage\":\"fr-FR\",\"potentialAction\":[{\"@type\":\"ReadAction\",\"target\":[\"https:\/\/www.dubuisson-export.fr\/?p=2676\"]}]},{\"@type\":\"BreadcrumbList\",\"@id\":\"https:\/\/www.dubuisson-export.fr\/?p=2676#breadcrumb\",\"itemListElement\":[{\"@type\":\"ListItem\",\"position\":1,\"name\":\"Accueil\",\"item\":\"https:\/\/www.dubuisson-export.fr\/\"},{\"@type\":\"ListItem\",\"position\":2,\"name\":\"My Formation\"}]},{\"@type\":\"Person\",\"@id\":\"https:\/\/www.dubuisson-export.fr\/#\/schema\/person\/33006720b40d50ea7c703011999a277f\",\"name\":\"admin\",\"image\":{\"@type\":\"ImageObject\",\"inLanguage\":\"fr-FR\",\"@id\":\"https:\/\/www.dubuisson-export.fr\/#\/schema\/person\/image\/\",\"url\":\"https:\/\/secure.gravatar.com\/avatar\/24c6da36340abd3966343c8ec0f411e4927ed32269b48cecbcd5ad1ca5411a99?s=96&d=mm&r=g\",\"contentUrl\":\"https:\/\/secure.gravatar.com\/avatar\/24c6da36340abd3966343c8ec0f411e4927ed32269b48cecbcd5ad1ca5411a99?s=96&d=mm&r=g\",\"caption\":\"admin\"},\"url\":\"https:\/\/www.dubuisson-export.fr\/?author=1\"}]}<\/script>\n<!-- \/ Yoast SEO plugin. -->","yoast_head_json":{"title":"My Formation - Dubuisson Export","description":"Dubuisson-Export forme depuis pr\u00e8s de 30 ans des chefs d'entreprises et les collaborateurs des services administratifs, commerciaux ou export.","robots":{"index":"index","follow":"follow","max-snippet":"max-snippet:-1","max-image-preview":"max-image-preview:large","max-video-preview":"max-video-preview:-1"},"canonical":"https:\/\/www.dubuisson-export.fr\/?p=2676","og_locale":"fr_FR","og_type":"article","og_title":"My Formation - Dubuisson Export","og_description":"Dubuisson-Export forme depuis pr\u00e8s de 30 ans des chefs d'entreprises et les collaborateurs des services administratifs, commerciaux ou export.","og_url":"https:\/\/www.dubuisson-export.fr\/?p=2676","og_site_name":"Dubuisson Export","article_publisher":"https:\/\/www.facebook.com\/christinedubuisson.export","article_published_time":"2020-08-12T17:18:57+00:00","article_modified_time":"2022-08-02T14:14:27+00:00","og_image":[{"url":"http:\/\/www.dubuisson-export.fr\/wp-content\/uploads\/2018\/10\/MyFormation1-150x150.png"}],"twitter_card":"summary_large_image","twitter_misc":{"\u00c9crit par":"admin","Dur\u00e9e de lecture estim\u00e9e":"4 minutes"},"schema":{"@context":"https:\/\/schema.org","@graph":[{"@type":"WebSite","@id":"https:\/\/www.dubuisson-export.fr\/#website","url":"https:\/\/www.dubuisson-export.fr\/","name":"Dubuisson Export","description":"La valorisation du Made In France","potentialAction":[{"@type":"SearchAction","target":{"@type":"EntryPoint","urlTemplate":"https:\/\/www.dubuisson-export.fr\/?s={search_term_string}"},"query-input":"required name=search_term_string"}],"inLanguage":"fr-FR"},{"@type":"ImageObject","inLanguage":"fr-FR","@id":"https:\/\/www.dubuisson-export.fr\/?p=2676#primaryimage","url":"http:\/\/www.dubuisson-export.fr\/wp-content\/uploads\/2018\/10\/MyFormation1-150x150.png","contentUrl":"http:\/\/www.dubuisson-export.fr\/wp-content\/uploads\/2018\/10\/MyFormation1-150x150.png"},{"@type":"WebPage","@id":"https:\/\/www.dubuisson-export.fr\/?p=2676#webpage","url":"https:\/\/www.dubuisson-export.fr\/?p=2676","name":"My Formation - Dubuisson Export","isPartOf":{"@id":"https:\/\/www.dubuisson-export.fr\/#website"},"primaryImageOfPage":{"@id":"https:\/\/www.dubuisson-export.fr\/?p=2676#primaryimage"},"datePublished":"2020-08-12T17:18:57+00:00","dateModified":"2022-08-02T14:14:27+00:00","author":{"@id":"https:\/\/www.dubuisson-export.fr\/#\/schema\/person\/33006720b40d50ea7c703011999a277f"},"description":"Dubuisson-Export forme depuis pr\u00e8s de 30 ans des chefs d'entreprises et les collaborateurs des services administratifs, commerciaux ou export.","breadcrumb":{"@id":"https:\/\/www.dubuisson-export.fr\/?p=2676#breadcrumb"},"inLanguage":"fr-FR","potentialAction":[{"@type":"ReadAction","target":["https:\/\/www.dubuisson-export.fr\/?p=2676"]}]},{"@type":"BreadcrumbList","@id":"https:\/\/www.dubuisson-export.fr\/?p=2676#breadcrumb","itemListElement":[{"@type":"ListItem","position":1,"name":"Accueil","item":"https:\/\/www.dubuisson-export.fr\/"},{"@type":"ListItem","position":2,"name":"My Formation"}]},{"@type":"Person","@id":"https:\/\/www.dubuisson-export.fr\/#\/schema\/person\/33006720b40d50ea7c703011999a277f","name":"admin","image":{"@type":"ImageObject","inLanguage":"fr-FR","@id":"https:\/\/www.dubuisson-export.fr\/#\/schema\/person\/image\/","url":"https:\/\/secure.gravatar.com\/avatar\/24c6da36340abd3966343c8ec0f411e4927ed32269b48cecbcd5ad1ca5411a99?s=96&d=mm&r=g","contentUrl":"https:\/\/secure.gravatar.com\/avatar\/24c6da36340abd3966343c8ec0f411e4927ed32269b48cecbcd5ad1ca5411a99?s=96&d=mm&r=g","caption":"admin"},"url":"https:\/\/www.dubuisson-export.fr\/?author=1"}]}},"_links":{"self":[{"href":"https:\/\/www.dubuisson-export.fr\/index.php?rest_route=\/wp\/v2\/posts\/2676","targetHints":{"allow":["GET"]}}],"collection":[{"href":"https:\/\/www.dubuisson-export.fr\/index.php?rest_route=\/wp\/v2\/posts"}],"about":[{"href":"https:\/\/www.dubuisson-export.fr\/index.php?rest_route=\/wp\/v2\/types\/post"}],"author":[{"embeddable":true,"href":"https:\/\/www.dubuisson-export.fr\/index.php?rest_route=\/wp\/v2\/users\/1"}],"replies":[{"embeddable":true,"href":"https:\/\/www.dubuisson-export.fr\/index.php?rest_route=%2Fwp%2Fv2%2Fcomments&post=2676"}],"version-history":[{"count":6,"href":"https:\/\/www.dubuisson-export.fr\/index.php?rest_route=\/wp\/v2\/posts\/2676\/revisions"}],"predecessor-version":[{"id":3176,"href":"https:\/\/www.dubuisson-export.fr\/index.php?rest_route=\/wp\/v2\/posts\/2676\/revisions\/3176"}],"wp:attachment":[{"href":"https:\/\/www.dubuisson-export.fr\/index.php?rest_route=%2Fwp%2Fv2%2Fmedia&parent=2676"}],"wp:term":[{"taxonomy":"category","embeddable":true,"href":"https:\/\/www.dubuisson-export.fr\/index.php?rest_route=%2Fwp%2Fv2%2Fcategories&post=2676"},{"taxonomy":"post_tag","embeddable":true,"href":"https:\/\/www.dubuisson-export.fr\/index.php?rest_route=%2Fwp%2Fv2%2Ftags&post=2676"}],"curies":[{"name":"wp","href":"https:\/\/api.w.org\/{rel}","templated":true}]}}