{"id":3132,"date":"2021-06-07T16:02:05","date_gmt":"2021-06-07T14:02:05","guid":{"rendered":"https:\/\/www.dubuisson-export.fr\/?p=3132"},"modified":"2022-08-03T09:25:03","modified_gmt":"2022-08-03T07:25:03","slug":"formations-actions-france-num","status":"publish","type":"post","link":"https:\/\/www.dubuisson-export.fr\/?p=3132","title":{"rendered":"Formations-actions France Num"},"content":{"rendered":"<h2 style=\"text-align: left;\">Sur la route du digital !<\/h2>\n<p><img loading=\"lazy\" decoding=\"async\" class=\"wp-image-3167 aligncenter\" src=\"https:\/\/www.dubuisson-export.fr\/wp-content\/uploads\/2021\/06\/BANDEAU-ARTICLE-300x145.png\" alt=\"\" width=\"808\" height=\"391\" srcset=\"https:\/\/www.dubuisson-export.fr\/wp-content\/uploads\/2021\/06\/BANDEAU-ARTICLE-300x145.png 300w, https:\/\/www.dubuisson-export.fr\/wp-content\/uploads\/2021\/06\/BANDEAU-ARTICLE-1024x496.png 1024w, https:\/\/www.dubuisson-export.fr\/wp-content\/uploads\/2021\/06\/BANDEAU-ARTICLE-768x372.png 768w, https:\/\/www.dubuisson-export.fr\/wp-content\/uploads\/2021\/06\/BANDEAU-ARTICLE-1536x745.png 1536w, https:\/\/www.dubuisson-export.fr\/wp-content\/uploads\/2021\/06\/BANDEAU-ARTICLE-2048x993.png 2048w\" sizes=\"auto, (max-width: 808px) 100vw, 808px\" \/><\/p>\n<p>France Relance, en collaboration avec France Num et BPI France, a mis en place un plan ambitieux pour accompagner les TPE et les PME dans leur transition num\u00e9rique. Dans ce cadre, un appel \u00e0 projet national a \u00e9t\u00e9 lanc\u00e9. L\u2019<a href=\"https:\/\/www.institut-metiersdart.org\/\" target=\"_blank\" rel=\"noopener\"><span style=\"color: #ff0000;\">INMA<\/span><\/a> &amp; Dubuisson-Export en partenariat avec <span style=\"color: #ff0000;\"><a style=\"color: #ff0000;\" href=\"http:\/\/www.ameade.org\" target=\"_blank\" rel=\"noopener\">AMEADE <\/a><\/span>ont \u00e9t\u00e9 choisis pour intervenir \u00e0 l\u2019\u00e9chelle nationale pour les entreprises des m\u00e9tiers d\u2019art et du patrimoine vivant.<\/p>\n<p><span style=\"color: #ff0000;\"><strong>Faites du num\u00e9rique un outil de d\u00e9veloppement de votre activit\u00e9\u00a0!<\/strong><\/span><\/p>\n<p>A travers des dispositifs <strong>pens\u00e9s 100% pour les entreprises des m\u00e9tiers d\u2019art et du patrimoine vivant<\/strong>, nous vous proposons un <strong>accompagnement gratuit et personnalis\u00e9<\/strong> pour votre transformation num\u00e9rique.<\/p>\n<p><span style=\"color: #ff0000;\"><strong><u>Nous vous proposons 5 formations courtes avec rendez-vous de suivi individuel, de 10h chacun, pour tirer profit de votre site web, de votre newsletter et pour utiliser efficacement vos r\u00e9seaux sociaux.<\/u><\/strong><\/span><\/p>\n<p><strong>2 formations pour optimiser votre site web<\/strong><\/p>\n<ul>\n<li><span style=\"color: #ff0000;\"><a style=\"color: #ff0000;\" href=\"https:\/\/ameade.org\/project\/preparer-son-futur-site-internet\/\" target=\"_blank\" rel=\"noopener\"><em><strong>Am\u00e9liorer son site ou pr\u00e9parer son futur site internet<\/strong><\/em><\/a><\/span><br \/>\nAffiner vos cibles, d\u00e9finir vos objectifs, parfaire votre communication avec un site internet percutant tant sur le contenu, que sur la navigation.<\/li>\n<li><span style=\"color: #ff0000;\"><a style=\"color: #ff0000;\" href=\"https:\/\/ameade.org\/project\/agir-sur-son-site-internet-pour-developper-son-chiffre-daffaires\/\" target=\"_blank\" rel=\"noopener\"><em><strong>Agir sur son site internet pour d\u00e9velopper son CA<\/strong><\/em><\/a><\/span><br \/>\nOptimiser le r\u00e9f\u00e9rencement de votre site internet, en facilitant la navigation et en le rendant visible \u00e0 vos prospects gr\u00e2ce \u00e0 une meilleure utilisation des mots-cl\u00e9s (SEO)<\/li>\n<\/ul>\n<p><strong>2 formations pour utiliser efficacement vos r\u00e9seaux sociaux<\/strong><\/p>\n<ul>\n<li><span style=\"color: #ff0000;\"><a style=\"color: #ff0000;\" href=\"https:\/\/ameade.org\/project\/etre-present-sur-les-reseaux-sociaux\/\" target=\"_blank\" rel=\"noopener\"><em><strong>\u00catre efficace sur les r\u00e9seaux sociaux<\/strong><\/em><\/a><\/span><br \/>\n\u00catre visible sur les r\u00e9seaux sociaux avec une communication claire et pr\u00e9cise. Cr\u00e9er et diffuser vos contenus sur Facebook et Instagram<\/li>\n<li><span style=\"color: #ff0000;\"><a style=\"color: #ff0000;\" href=\"https:\/\/ameade.org\/project\/creer-du-trafic-vers-son-site-grace-a-la-publicite-sur-les-reseaux-sociaux\/\" target=\"_blank\" rel=\"noopener\"><em><strong>Cr\u00e9er du trafic vers son site gr\u00e2ce \u00e0 la publicit\u00e9 sur les r\u00e9seaux sociaux<\/strong><\/em><\/a><\/span><br \/>\nPr\u00e9parer votre plan media, le ciblage de votre audience pour cr\u00e9er des campagnes publicitaires sur les r\u00e9seaux sociaux.<\/li>\n<\/ul>\n<p><strong>1 formation pour exploiter le potentiel de votre newsletter<\/strong><\/p>\n<ul>\n<li><span style=\"color: #ff0000;\"><a style=\"color: #ff0000;\" href=\"https:\/\/ameade.org\/project\/generer-du-trafic-vers-son-site-internet-grace-a-la-newsletter\/\" target=\"_blank\" rel=\"noopener\"><em><strong>Cr\u00e9er du trafic vers son site internet gr\u00e2ce \u00e0 la newsletter<\/strong><\/em><\/a><\/span><br \/>\nR\u00e9diger un message clair et percutant afin de d\u00e9velopper vos ventes gr\u00e2ce \u00e0 la cr\u00e9ation de newsletters.<\/li>\n<\/ul>\n<p>Con\u00e7us pour vous, ces parcours d\u2019une valeur de 300\u20ac sont <strong>enti\u00e8rement pris en charge par France Relance *.<\/strong> R\u00e9partis sur deux \u00e0 trois semaines, ils vous permettront de vous familiariser avec un usage ou un type de solution num\u00e9rique en r\u00e9ponse \u00e0 l\u2019un de vos besoins concrets.<br \/>\nAu cours des <span style=\"color: #ff0000;\"><strong>10 heures<\/strong><\/span> de ces formations-actions, nous travaillerons ensemble sur <strong>votre projet d\u2019entreprise<\/strong>, pour vous apporter des solutions concr\u00e8tes et<strong> sp\u00e9cifiques \u00e0 votre situation<\/strong>.<br \/>\nRetrouvez tout le d\u00e9tail des formations-actions\u00a0avec\u00a0le lien suivant\u00a0:\u00a0<span style=\"color: #ff0000;\"><a style=\"color: #ff0000;\" href=\"https:\/\/ameade.org\/formations-actions-france-num\/\" target=\"_blank\" rel=\"noopener\">https:\/\/ameade.org\/formations-actions-france-num\/<\/a><\/span><\/p>\n<p><span style=\"color: #ff0000;\"><strong>* Quelles entreprises peuvent b\u00e9n\u00e9ficier du dispositif ?<br \/>\n<\/strong><\/span>Ce programme est ouvert aux TPE\/PME des m\u00e9tiers d\u2019art et du patrimoine vivant ayant plus de 2 ans d\u2019existence et ayant r\u00e9alis\u00e9 au moins 15 000 \u20ac HT de chiffre d\u2019affaires en 2019, 2020 ou 2021 (dernier exercice comptable clos).<\/p>\n","protected":false},"excerpt":{"rendered":"<p>Sur la route du digital ! France Relance, en collaboration avec France Num et BPI France, a mis en place un plan ambitieux pour accompagner les TPE et les PME dans leur transition num\u00e9rique. Dans ce cadre, un appel \u00e0 projet national a \u00e9t\u00e9 lanc\u00e9. L\u2019INMA &amp; Dubuisson-Export en partenariat avec AMEADE ont \u00e9t\u00e9 choisis [&hellip;]<\/p>\n","protected":false},"author":2,"featured_media":0,"comment_status":"closed","ping_status":"open","sticky":false,"template":"","format":"standard","meta":{"footnotes":""},"categories":[57],"tags":[72],"class_list":["post-3132","post","type-post","status-publish","format-standard","hentry","category-formation","tag-formation"],"yoast_head":"<!-- This site is optimized with the Yoast SEO plugin v19.0 - https:\/\/yoast.com\/wordpress\/plugins\/seo\/ -->\n<title>Formations-actions France Num - Dubuisson Export<\/title>\n<meta name=\"description\" content=\"Dubuisson-Export forme depuis pr\u00e8s de 30 ans des chefs d&#039;entreprises et les collaborateurs des services administratifs, commerciaux ou export.\" \/>\n<meta name=\"robots\" content=\"index, follow, max-snippet:-1, max-image-preview:large, max-video-preview:-1\" \/>\n<link rel=\"canonical\" href=\"https:\/\/www.dubuisson-export.fr\/?p=3132\" \/>\n<meta property=\"og:locale\" content=\"fr_FR\" \/>\n<meta property=\"og:type\" content=\"article\" \/>\n<meta property=\"og:title\" content=\"Formations-actions France Num - Dubuisson Export\" \/>\n<meta property=\"og:description\" content=\"Dubuisson-Export forme depuis pr\u00e8s de 30 ans des chefs d&#039;entreprises et les collaborateurs des services administratifs, commerciaux ou export.\" \/>\n<meta property=\"og:url\" content=\"https:\/\/www.dubuisson-export.fr\/?p=3132\" \/>\n<meta property=\"og:site_name\" content=\"Dubuisson Export\" \/>\n<meta property=\"article:publisher\" content=\"https:\/\/www.facebook.com\/christinedubuisson.export\" \/>\n<meta property=\"article:published_time\" content=\"2021-06-07T14:02:05+00:00\" \/>\n<meta property=\"article:modified_time\" content=\"2022-08-03T07:25:03+00:00\" \/>\n<meta property=\"og:image\" content=\"http:\/\/www.dubuisson-export.fr\/wp-content\/uploads\/2021\/06\/BANDEAU-ARTICLE-300x145.png\" \/>\n<meta name=\"twitter:card\" content=\"summary_large_image\" \/>\n<meta name=\"twitter:label1\" content=\"\u00c9crit par\" \/>\n\t<meta name=\"twitter:data1\" content=\"christine dubuisson\" \/>\n\t<meta name=\"twitter:label2\" content=\"Dur\u00e9e de lecture estim\u00e9e\" \/>\n\t<meta name=\"twitter:data2\" content=\"3 minutes\" \/>\n<script type=\"application\/ld+json\" class=\"yoast-schema-graph\">{\"@context\":\"https:\/\/schema.org\",\"@graph\":[{\"@type\":\"WebSite\",\"@id\":\"https:\/\/www.dubuisson-export.fr\/#website\",\"url\":\"https:\/\/www.dubuisson-export.fr\/\",\"name\":\"Dubuisson Export\",\"description\":\"La valorisation du Made In France\",\"potentialAction\":[{\"@type\":\"SearchAction\",\"target\":{\"@type\":\"EntryPoint\",\"urlTemplate\":\"https:\/\/www.dubuisson-export.fr\/?s={search_term_string}\"},\"query-input\":\"required name=search_term_string\"}],\"inLanguage\":\"fr-FR\"},{\"@type\":\"ImageObject\",\"inLanguage\":\"fr-FR\",\"@id\":\"https:\/\/www.dubuisson-export.fr\/?p=3132#primaryimage\",\"url\":\"http:\/\/www.dubuisson-export.fr\/wp-content\/uploads\/2021\/06\/BANDEAU-ARTICLE-300x145.png\",\"contentUrl\":\"http:\/\/www.dubuisson-export.fr\/wp-content\/uploads\/2021\/06\/BANDEAU-ARTICLE-300x145.png\"},{\"@type\":\"WebPage\",\"@id\":\"https:\/\/www.dubuisson-export.fr\/?p=3132#webpage\",\"url\":\"https:\/\/www.dubuisson-export.fr\/?p=3132\",\"name\":\"Formations-actions France Num - Dubuisson Export\",\"isPartOf\":{\"@id\":\"https:\/\/www.dubuisson-export.fr\/#website\"},\"primaryImageOfPage\":{\"@id\":\"https:\/\/www.dubuisson-export.fr\/?p=3132#primaryimage\"},\"datePublished\":\"2021-06-07T14:02:05+00:00\",\"dateModified\":\"2022-08-03T07:25:03+00:00\",\"author\":{\"@id\":\"https:\/\/www.dubuisson-export.fr\/#\/schema\/person\/ffe0aff788de5d77d0df2fe71f630e1c\"},\"description\":\"Dubuisson-Export forme depuis pr\u00e8s de 30 ans des chefs d'entreprises et les collaborateurs des services administratifs, commerciaux ou export.\",\"breadcrumb\":{\"@id\":\"https:\/\/www.dubuisson-export.fr\/?p=3132#breadcrumb\"},\"inLanguage\":\"fr-FR\",\"potentialAction\":[{\"@type\":\"ReadAction\",\"target\":[\"https:\/\/www.dubuisson-export.fr\/?p=3132\"]}]},{\"@type\":\"BreadcrumbList\",\"@id\":\"https:\/\/www.dubuisson-export.fr\/?p=3132#breadcrumb\",\"itemListElement\":[{\"@type\":\"ListItem\",\"position\":1,\"name\":\"Accueil\",\"item\":\"https:\/\/www.dubuisson-export.fr\/\"},{\"@type\":\"ListItem\",\"position\":2,\"name\":\"Formations-actions France Num\"}]},{\"@type\":\"Person\",\"@id\":\"https:\/\/www.dubuisson-export.fr\/#\/schema\/person\/ffe0aff788de5d77d0df2fe71f630e1c\",\"name\":\"christine dubuisson\",\"image\":{\"@type\":\"ImageObject\",\"inLanguage\":\"fr-FR\",\"@id\":\"https:\/\/www.dubuisson-export.fr\/#\/schema\/person\/image\/\",\"url\":\"https:\/\/secure.gravatar.com\/avatar\/4a3519437a939e51cf6971cfd64564624a9d4e87aa646a1ce265cd209dad0b5c?s=96&d=mm&r=g\",\"contentUrl\":\"https:\/\/secure.gravatar.com\/avatar\/4a3519437a939e51cf6971cfd64564624a9d4e87aa646a1ce265cd209dad0b5c?s=96&d=mm&r=g\",\"caption\":\"christine dubuisson\"},\"url\":\"https:\/\/www.dubuisson-export.fr\/?author=2\"}]}<\/script>\n<!-- \/ Yoast SEO plugin. -->","yoast_head_json":{"title":"Formations-actions France Num - Dubuisson Export","description":"Dubuisson-Export forme depuis pr\u00e8s de 30 ans des chefs d'entreprises et les collaborateurs des services administratifs, commerciaux ou export.","robots":{"index":"index","follow":"follow","max-snippet":"max-snippet:-1","max-image-preview":"max-image-preview:large","max-video-preview":"max-video-preview:-1"},"canonical":"https:\/\/www.dubuisson-export.fr\/?p=3132","og_locale":"fr_FR","og_type":"article","og_title":"Formations-actions France Num - Dubuisson Export","og_description":"Dubuisson-Export forme depuis pr\u00e8s de 30 ans des chefs d'entreprises et les collaborateurs des services administratifs, commerciaux ou export.","og_url":"https:\/\/www.dubuisson-export.fr\/?p=3132","og_site_name":"Dubuisson Export","article_publisher":"https:\/\/www.facebook.com\/christinedubuisson.export","article_published_time":"2021-06-07T14:02:05+00:00","article_modified_time":"2022-08-03T07:25:03+00:00","og_image":[{"url":"http:\/\/www.dubuisson-export.fr\/wp-content\/uploads\/2021\/06\/BANDEAU-ARTICLE-300x145.png"}],"twitter_card":"summary_large_image","twitter_misc":{"\u00c9crit par":"christine dubuisson","Dur\u00e9e de lecture estim\u00e9e":"3 minutes"},"schema":{"@context":"https:\/\/schema.org","@graph":[{"@type":"WebSite","@id":"https:\/\/www.dubuisson-export.fr\/#website","url":"https:\/\/www.dubuisson-export.fr\/","name":"Dubuisson Export","description":"La valorisation du Made In France","potentialAction":[{"@type":"SearchAction","target":{"@type":"EntryPoint","urlTemplate":"https:\/\/www.dubuisson-export.fr\/?s={search_term_string}"},"query-input":"required name=search_term_string"}],"inLanguage":"fr-FR"},{"@type":"ImageObject","inLanguage":"fr-FR","@id":"https:\/\/www.dubuisson-export.fr\/?p=3132#primaryimage","url":"http:\/\/www.dubuisson-export.fr\/wp-content\/uploads\/2021\/06\/BANDEAU-ARTICLE-300x145.png","contentUrl":"http:\/\/www.dubuisson-export.fr\/wp-content\/uploads\/2021\/06\/BANDEAU-ARTICLE-300x145.png"},{"@type":"WebPage","@id":"https:\/\/www.dubuisson-export.fr\/?p=3132#webpage","url":"https:\/\/www.dubuisson-export.fr\/?p=3132","name":"Formations-actions France Num - Dubuisson Export","isPartOf":{"@id":"https:\/\/www.dubuisson-export.fr\/#website"},"primaryImageOfPage":{"@id":"https:\/\/www.dubuisson-export.fr\/?p=3132#primaryimage"},"datePublished":"2021-06-07T14:02:05+00:00","dateModified":"2022-08-03T07:25:03+00:00","author":{"@id":"https:\/\/www.dubuisson-export.fr\/#\/schema\/person\/ffe0aff788de5d77d0df2fe71f630e1c"},"description":"Dubuisson-Export forme depuis pr\u00e8s de 30 ans des chefs d'entreprises et les collaborateurs des services administratifs, commerciaux ou export.","breadcrumb":{"@id":"https:\/\/www.dubuisson-export.fr\/?p=3132#breadcrumb"},"inLanguage":"fr-FR","potentialAction":[{"@type":"ReadAction","target":["https:\/\/www.dubuisson-export.fr\/?p=3132"]}]},{"@type":"BreadcrumbList","@id":"https:\/\/www.dubuisson-export.fr\/?p=3132#breadcrumb","itemListElement":[{"@type":"ListItem","position":1,"name":"Accueil","item":"https:\/\/www.dubuisson-export.fr\/"},{"@type":"ListItem","position":2,"name":"Formations-actions France Num"}]},{"@type":"Person","@id":"https:\/\/www.dubuisson-export.fr\/#\/schema\/person\/ffe0aff788de5d77d0df2fe71f630e1c","name":"christine dubuisson","image":{"@type":"ImageObject","inLanguage":"fr-FR","@id":"https:\/\/www.dubuisson-export.fr\/#\/schema\/person\/image\/","url":"https:\/\/secure.gravatar.com\/avatar\/4a3519437a939e51cf6971cfd64564624a9d4e87aa646a1ce265cd209dad0b5c?s=96&d=mm&r=g","contentUrl":"https:\/\/secure.gravatar.com\/avatar\/4a3519437a939e51cf6971cfd64564624a9d4e87aa646a1ce265cd209dad0b5c?s=96&d=mm&r=g","caption":"christine dubuisson"},"url":"https:\/\/www.dubuisson-export.fr\/?author=2"}]}},"_links":{"self":[{"href":"https:\/\/www.dubuisson-export.fr\/index.php?rest_route=\/wp\/v2\/posts\/3132","targetHints":{"allow":["GET"]}}],"collection":[{"href":"https:\/\/www.dubuisson-export.fr\/index.php?rest_route=\/wp\/v2\/posts"}],"about":[{"href":"https:\/\/www.dubuisson-export.fr\/index.php?rest_route=\/wp\/v2\/types\/post"}],"author":[{"embeddable":true,"href":"https:\/\/www.dubuisson-export.fr\/index.php?rest_route=\/wp\/v2\/users\/2"}],"replies":[{"embeddable":true,"href":"https:\/\/www.dubuisson-export.fr\/index.php?rest_route=%2Fwp%2Fv2%2Fcomments&post=3132"}],"version-history":[{"count":5,"href":"https:\/\/www.dubuisson-export.fr\/index.php?rest_route=\/wp\/v2\/posts\/3132\/revisions"}],"predecessor-version":[{"id":3180,"href":"https:\/\/www.dubuisson-export.fr\/index.php?rest_route=\/wp\/v2\/posts\/3132\/revisions\/3180"}],"wp:attachment":[{"href":"https:\/\/www.dubuisson-export.fr\/index.php?rest_route=%2Fwp%2Fv2%2Fmedia&parent=3132"}],"wp:term":[{"taxonomy":"category","embeddable":true,"href":"https:\/\/www.dubuisson-export.fr\/index.php?rest_route=%2Fwp%2Fv2%2Fcategories&post=3132"},{"taxonomy":"post_tag","embeddable":true,"href":"https:\/\/www.dubuisson-export.fr\/index.php?rest_route=%2Fwp%2Fv2%2Ftags&post=3132"}],"curies":[{"name":"wp","href":"https:\/\/api.w.org\/{rel}","templated":true}]}}